{"id":387,"date":"2022-04-23T17:12:46","date_gmt":"2022-04-23T17:12:46","guid":{"rendered":"https:\/\/www.cuentik.com\/?p=387"},"modified":"2022-04-23T17:16:24","modified_gmt":"2022-04-23T17:16:24","slug":"sant-jordi-dia-del-libro-2022","status":"publish","type":"post","link":"https:\/\/www.cuentik.com\/?p=387","title":{"rendered":"Sant Jordi, D\u00eda del Libro 2022"},"content":{"rendered":"\n<figure class=\"wp-block-image size-large\"><img loading=\"lazy\" decoding=\"async\" width=\"757\" height=\"1024\" src=\"https:\/\/www.cuentik.com\/wp-content\/uploads\/2022\/04\/IMG-20220423-WA0015-757x1024.jpg\" alt=\"\" class=\"wp-image-392\" srcset=\"https:\/\/www.cuentik.com\/wp-content\/uploads\/2022\/04\/IMG-20220423-WA0015-757x1024.jpg 757w, https:\/\/www.cuentik.com\/wp-content\/uploads\/2022\/04\/IMG-20220423-WA0015-222x300.jpg 222w, https:\/\/www.cuentik.com\/wp-content\/uploads\/2022\/04\/IMG-20220423-WA0015-768x1039.jpg 768w, https:\/\/www.cuentik.com\/wp-content\/uploads\/2022\/04\/IMG-20220423-WA0015-1135x1536.jpg 1135w, https:\/\/www.cuentik.com\/wp-content\/uploads\/2022\/04\/IMG-20220423-WA0015-520x704.jpg 520w, https:\/\/www.cuentik.com\/wp-content\/uploads\/2022\/04\/IMG-20220423-WA0015-940x1272.jpg 940w, https:\/\/www.cuentik.com\/wp-content\/uploads\/2022\/04\/IMG-20220423-WA0015.jpg 1290w\" sizes=\"(max-width: 757px) 100vw, 757px\" \/><\/figure>\n\n\n\n<p>Y un drag\u00f3n despert\u00f3 boquiabierto&#8230;\u00a1Pero si hoy es mi d\u00eda!&#8230;<\/p>\n\n\n\n<p>Dragones y mazmorras&#8230;<\/p>\n\n\n\n<p>Flores por doquier, princesas que quieren ser guerreras y principes sin cascabel&#8230;<\/p>\n\n\n\n<p>\u00bfQue hoy es el D\u00eda del Libro?<\/p>\n\n\n\n<p>\u00bfQue los enamorados pasean leyendo bajo las estrellas?&#8230;<\/p>\n\n\n\n<p>Algod\u00f3n de az\u00facar para los ni\u00f1os.<\/p>\n\n\n\n<p>Muchos cuentos que nos cuentan&#8230;c\u00f3mo la vida con libros y flores es un poco m\u00e1s de colores.<\/p>\n\n\n\n<p>\u00a1Feliz Sant Jordi!<\/p>\n","protected":false},"excerpt":{"rendered":"<p>Sant Jordi, d\u00eda del Libro 2022 &#8211; Y un drag\u00f3n despet\u00f3 boquiabierto.<\/p>\n","protected":false},"author":1,"featured_media":392,"comment_status":"closed","ping_status":"open","sticky":false,"template":"","format":"standard","meta":{"footnotes":""},"categories":[10],"tags":[20,136,135,19],"_links":{"self":[{"href":"https:\/\/www.cuentik.com\/index.php?rest_route=\/wp\/v2\/posts\/387"}],"collection":[{"href":"https:\/\/www.cuentik.com\/index.php?rest_route=\/wp\/v2\/posts"}],"about":[{"href":"https:\/\/www.cuentik.com\/index.php?rest_route=\/wp\/v2\/types\/post"}],"author":[{"embeddable":true,"href":"https:\/\/www.cuentik.com\/index.php?rest_route=\/wp\/v2\/users\/1"}],"replies":[{"embeddable":true,"href":"https:\/\/www.cuentik.com\/index.php?rest_route=%2Fwp%2Fv2%2Fcomments&post=387"}],"version-history":[{"count":4,"href":"https:\/\/www.cuentik.com\/index.php?rest_route=\/wp\/v2\/posts\/387\/revisions"}],"predecessor-version":[{"id":395,"href":"https:\/\/www.cuentik.com\/index.php?rest_route=\/wp\/v2\/posts\/387\/revisions\/395"}],"wp:featuredmedia":[{"embeddable":true,"href":"https:\/\/www.cuentik.com\/index.php?rest_route=\/wp\/v2\/media\/392"}],"wp:attachment":[{"href":"https:\/\/www.cuentik.com\/index.php?rest_route=%2Fwp%2Fv2%2Fmedia&parent=387"}],"wp:term":[{"taxonomy":"category","embeddable":true,"href":"https:\/\/www.cuentik.com\/index.php?rest_route=%2Fwp%2Fv2%2Fcategories&post=387"},{"taxonomy":"post_tag","embeddable":true,"href":"https:\/\/www.cuentik.com\/index.php?rest_route=%2Fwp%2Fv2%2Ftags&post=387"}],"curies":[{"name":"wp","href":"https:\/\/api.w.org\/{rel}","templated":true}]}}