{"id":374,"date":"2022-03-21T14:24:54","date_gmt":"2022-03-21T14:24:54","guid":{"rendered":"https:\/\/www.cuentik.com\/?p=374"},"modified":"2022-03-21T14:47:09","modified_gmt":"2022-03-21T14:47:09","slug":"dia-internacional-de-la-poesia","status":"publish","type":"post","link":"https:\/\/www.cuentik.com\/?p=374","title":{"rendered":"D\u00eda Internacional de la Poes\u00eda"},"content":{"rendered":"\n<figure class=\"wp-block-image size-large\"><img loading=\"lazy\" decoding=\"async\" width=\"1024\" height=\"397\" src=\"https:\/\/www.cuentik.com\/wp-content\/uploads\/2022\/03\/poesia-jpg-2022-1024x397.jpg\" alt=\"\" class=\"wp-image-375\" srcset=\"https:\/\/www.cuentik.com\/wp-content\/uploads\/2022\/03\/poesia-jpg-2022-1024x397.jpg 1024w, https:\/\/www.cuentik.com\/wp-content\/uploads\/2022\/03\/poesia-jpg-2022-300x116.jpg 300w, https:\/\/www.cuentik.com\/wp-content\/uploads\/2022\/03\/poesia-jpg-2022-768x298.jpg 768w, https:\/\/www.cuentik.com\/wp-content\/uploads\/2022\/03\/poesia-jpg-2022-520x202.jpg 520w, https:\/\/www.cuentik.com\/wp-content\/uploads\/2022\/03\/poesia-jpg-2022-940x364.jpg 940w, https:\/\/www.cuentik.com\/wp-content\/uploads\/2022\/03\/poesia-jpg-2022.jpg 1336w\" sizes=\"(max-width: 1024px) 100vw, 1024px\" \/><\/figure>\n\n\n\n<p class=\"has-drop-cap\"><em>Ando buscando la poes\u00eda\u2026\u00bfD\u00f3nde la podr\u00e9 encontrar?<\/em><\/p>\n\n\n\n<p><em>Dicen que es de colores y triste a la vez\u2026que sonr\u00edes y alguna l\u00e1grima puede<\/em> <em>florecer\u2026<\/em><\/p>\n\n\n\n<p><em>\u00bfY si es lejana y de otro mundo? \u00bfY si no se deja atrapar?<\/em><\/p>\n\n\n\n<p><em>Quiz\u00e1s sea tan s\u00f3lo contemplar esa flor, mirar el horizonte o sonreir por el<\/em> <em>balc\u00f3n.<\/em><\/p>\n\n\n\n<p><em>Poes\u00eda poes\u00eda , vuela que volar\u00e1s\u2026en globo o a lomos de un camale\u00f3n, trastocando<\/em> <em>nuestra mirada por un mundo mejor.<\/em><\/p>\n\n\n\n<p><em>Ando buscando la poes\u00eda\u2026\u00bfD\u00f3nde la podr\u00e9 encontrar?<\/em><\/p>\n\n\n\n<p><em>Piruetas de mermelada, cangrejos chapoteando en altamar,<\/em> <em>recuerdos de infancia con nanas de regaliz\u2026ay mamita que ser\u00e1 de mi.<\/em><\/p>\n\n\n\n<p><em>Barquitos de papel que susurran murmullos\u2026grillos en mi rodilla..<\/em><\/p>\n\n\n\n<p><em>\u00a1Ay que ya encontr\u00e9 la poes\u00eda!<\/em><\/p>\n\n\n\n<p><\/p>\n\n\n\n<blockquote class=\"wp-block-quote is-layout-flow wp-block-quote-is-layout-flow\"><p>Escribir poes\u00eda tiene un riesgo grande, porque es como conectar tu coraz\u00f3n con el coraz\u00f3n de la persona que te lee, y eso te hace vulnerable. Pero no hay nada m\u00e1s bonito.<\/p><cite>Gloria Fuertes<\/cite><\/blockquote>\n","protected":false},"excerpt":{"rendered":"<p>Escribir poes\u00eda tiene uin riesgo grande, porque es como conectar tu coraz\u00f3n con el coraz\u00f3n de la persona que te lee, y eso te hace vulnerable.<\/p>\n","protected":false},"author":1,"featured_media":375,"comment_status":"closed","ping_status":"open","sticky":false,"template":"","format":"standard","meta":{"footnotes":""},"categories":[10],"tags":[129,128,51,52],"_links":{"self":[{"href":"https:\/\/www.cuentik.com\/index.php?rest_route=\/wp\/v2\/posts\/374"}],"collection":[{"href":"https:\/\/www.cuentik.com\/index.php?rest_route=\/wp\/v2\/posts"}],"about":[{"href":"https:\/\/www.cuentik.com\/index.php?rest_route=\/wp\/v2\/types\/post"}],"author":[{"embeddable":true,"href":"https:\/\/www.cuentik.com\/index.php?rest_route=\/wp\/v2\/users\/1"}],"replies":[{"embeddable":true,"href":"https:\/\/www.cuentik.com\/index.php?rest_route=%2Fwp%2Fv2%2Fcomments&post=374"}],"version-history":[{"count":2,"href":"https:\/\/www.cuentik.com\/index.php?rest_route=\/wp\/v2\/posts\/374\/revisions"}],"predecessor-version":[{"id":381,"href":"https:\/\/www.cuentik.com\/index.php?rest_route=\/wp\/v2\/posts\/374\/revisions\/381"}],"wp:featuredmedia":[{"embeddable":true,"href":"https:\/\/www.cuentik.com\/index.php?rest_route=\/wp\/v2\/media\/375"}],"wp:attachment":[{"href":"https:\/\/www.cuentik.com\/index.php?rest_route=%2Fwp%2Fv2%2Fmedia&parent=374"}],"wp:term":[{"taxonomy":"category","embeddable":true,"href":"https:\/\/www.cuentik.com\/index.php?rest_route=%2Fwp%2Fv2%2Fcategories&post=374"},{"taxonomy":"post_tag","embeddable":true,"href":"https:\/\/www.cuentik.com\/index.php?rest_route=%2Fwp%2Fv2%2Ftags&post=374"}],"curies":[{"name":"wp","href":"https:\/\/api.w.org\/{rel}","templated":true}]}}