{"id":162,"date":"2021-03-19T08:55:00","date_gmt":"2021-03-19T08:55:00","guid":{"rendered":"https:\/\/localhost\/wordpress\/?p=162"},"modified":"2021-05-23T08:59:13","modified_gmt":"2021-05-23T08:59:13","slug":"papa","status":"publish","type":"post","link":"https:\/\/www.cuentik.com\/?p=162","title":{"rendered":"PAP\u00c1"},"content":{"rendered":"\n<figure class=\"wp-block-image size-large is-style-default\"><img loading=\"lazy\" decoding=\"async\" width=\"456\" height=\"1024\" src=\"https:\/\/localhost\/wordpress\/wp-content\/uploads\/2021\/05\/dia-del-padre-2021-456x1024.jpg\" alt=\"\" class=\"wp-image-167\" srcset=\"https:\/\/www.cuentik.com\/wp-content\/uploads\/2021\/05\/dia-del-padre-2021-456x1024.jpg 456w, https:\/\/www.cuentik.com\/wp-content\/uploads\/2021\/05\/dia-del-padre-2021-133x300.jpg 133w, https:\/\/www.cuentik.com\/wp-content\/uploads\/2021\/05\/dia-del-padre-2021-768x1726.jpg 768w, https:\/\/www.cuentik.com\/wp-content\/uploads\/2021\/05\/dia-del-padre-2021-683x1536.jpg 683w, https:\/\/www.cuentik.com\/wp-content\/uploads\/2021\/05\/dia-del-padre-2021-520x1169.jpg 520w, https:\/\/www.cuentik.com\/wp-content\/uploads\/2021\/05\/dia-del-padre-2021.jpg 840w\" sizes=\"(max-width: 456px) 100vw, 456px\" \/><\/figure>\n\n\n\n<p class=\"has-drop-cap\">Para nuestra vuelta, despu\u00e9s de tanto tiempo sin publicar nada, queremos compartir con todos vosotros un poema de nuestra amiga Beatrix que ha dedicado a una figura tan importante en nuestras vidas como son nuestros padres.<\/p>\n\n\n\n<p>VOLAR<\/p>\n\n\n\n<p>Vuelo y vuelo\u2026por los aires y a gran velocidad,<\/p>\n\n\n\n<p>vuelo y vuelo\u2026lento y medio bailando,<\/p>\n\n\n\n<p>con la cabeza del rev\u00e9s y cerrando los ojos,<\/p>\n\n\n\n<p>con sus fuertes brazos sujet\u00e1ndome<\/p>\n\n\n\n<p>para no caer.<\/p>\n\n\n\n<p>Vuelo y vuelo a mil por hora,<\/p>\n\n\n\n<p>con la risa encogida de tanto gritar,<\/p>\n\n\n\n<p>espirales de alegr\u00eda, espirales de ni\u00f1ez,<\/p>\n\n\n\n<p>con sus fuertes brazos<\/p>\n\n\n\n<p>sujet\u00e1ndome para no caer.<\/p>\n\n\n\n<p>Volteretas de colores,<\/p>\n\n\n\n<p>volteretas de miradas,<\/p>\n\n\n\n<p>volteretas de tesoros que no van a volver.<\/p>\n\n\n\n<p>Vuelo y vuelo\u2026con \u00e9l otra vez.<\/p>\n\n\n\n<p>Con sus fuertes brazos sujet\u00e1ndome para no caer.<\/p>\n\n\n\n<p>De calle en calle, de plaza en plaza,<\/p>\n\n\n\n<p>infancias de caramelos y regaliz,<\/p>\n\n\n\n<p>infancias de cometas, cromos, caramelos de an\u00eds\u2026<\/p>\n\n\n\n<p>No entend\u00eda tus palabras que o\u00eda entre la algarab\u00eda,<\/p>\n\n\n\n<p>volar volar bien alto que los sue\u00f1os ah\u00ed reposan,<\/p>\n\n\n\n<p>Volar volar sin cesar hasta alcanzar la cima.<\/p>\n\n\n\n<p>Volteretas de colores,<\/p>\n\n\n\n<p>volteretas de miradas,<\/p>\n\n\n\n<p>Palabras que en la algarab\u00eda se perd\u00edan.<\/p>\n\n\n\n<p>Vuelo cerrando los ojos hasta mi ni\u00f1ez<\/p>\n\n\n\n<p>que me ense\u00f1\u00f3 a dibujar espirales de alegr\u00eda,<\/p>\n\n\n\n<p>Volar volar bien alto\u2026con sus fuertes brazos para no caer.<\/p>\n\n\n\n<p>A TI \u2026PAP\u00c1.<\/p>\n","protected":false},"excerpt":{"rendered":"<p>Para nuestra vuelta, despu\u00e9s de tanto tiempo sin publicar nada, queremos compartir con todos vosotros un poema de nuestra amiga Beatrix que ha dedicado a una figura tan importante en nuestras vidas como son nuestros padres. VOLAR Vuelo y vuelo\u2026por los aires y a gran velocidad, vuelo y vuelo\u2026lento y medio bailando, con la cabeza&#46;&#46;&#46;<\/p>\n","protected":false},"author":1,"featured_media":167,"comment_status":"closed","ping_status":"open","sticky":false,"template":"","format":"standard","meta":{"footnotes":""},"categories":[10],"tags":[39,38],"_links":{"self":[{"href":"https:\/\/www.cuentik.com\/index.php?rest_route=\/wp\/v2\/posts\/162"}],"collection":[{"href":"https:\/\/www.cuentik.com\/index.php?rest_route=\/wp\/v2\/posts"}],"about":[{"href":"https:\/\/www.cuentik.com\/index.php?rest_route=\/wp\/v2\/types\/post"}],"author":[{"embeddable":true,"href":"https:\/\/www.cuentik.com\/index.php?rest_route=\/wp\/v2\/users\/1"}],"replies":[{"embeddable":true,"href":"https:\/\/www.cuentik.com\/index.php?rest_route=%2Fwp%2Fv2%2Fcomments&post=162"}],"version-history":[{"count":1,"href":"https:\/\/www.cuentik.com\/index.php?rest_route=\/wp\/v2\/posts\/162\/revisions"}],"predecessor-version":[{"id":171,"href":"https:\/\/www.cuentik.com\/index.php?rest_route=\/wp\/v2\/posts\/162\/revisions\/171"}],"wp:featuredmedia":[{"embeddable":true,"href":"https:\/\/www.cuentik.com\/index.php?rest_route=\/wp\/v2\/media\/167"}],"wp:attachment":[{"href":"https:\/\/www.cuentik.com\/index.php?rest_route=%2Fwp%2Fv2%2Fmedia&parent=162"}],"wp:term":[{"taxonomy":"category","embeddable":true,"href":"https:\/\/www.cuentik.com\/index.php?rest_route=%2Fwp%2Fv2%2Fcategories&post=162"},{"taxonomy":"post_tag","embeddable":true,"href":"https:\/\/www.cuentik.com\/index.php?rest_route=%2Fwp%2Fv2%2Ftags&post=162"}],"curies":[{"name":"wp","href":"https:\/\/api.w.org\/{rel}","templated":true}]}}