{"id":158,"date":"2018-09-18T08:50:00","date_gmt":"2018-09-18T08:50:00","guid":{"rendered":"https:\/\/localhost\/wordpress\/?p=158"},"modified":"2021-05-23T08:54:27","modified_gmt":"2021-05-23T08:54:27","slug":"mas-alla-de-las-vacaciones","status":"publish","type":"post","link":"https:\/\/www.cuentik.com\/?p=158","title":{"rendered":"M\u00e1s all\u00e1 de las vacaciones"},"content":{"rendered":"\n<figure class=\"wp-block-image size-large is-style-default\"><img loading=\"lazy\" decoding=\"async\" width=\"1024\" height=\"735\" src=\"https:\/\/localhost\/wordpress\/wp-content\/uploads\/2021\/05\/vacaciones-1024x735.jpg\" alt=\"\" class=\"wp-image-159\" srcset=\"https:\/\/www.cuentik.com\/wp-content\/uploads\/2021\/05\/vacaciones-1024x735.jpg 1024w, https:\/\/www.cuentik.com\/wp-content\/uploads\/2021\/05\/vacaciones-300x215.jpg 300w, https:\/\/www.cuentik.com\/wp-content\/uploads\/2021\/05\/vacaciones-768x551.jpg 768w, https:\/\/www.cuentik.com\/wp-content\/uploads\/2021\/05\/vacaciones-520x373.jpg 520w, https:\/\/www.cuentik.com\/wp-content\/uploads\/2021\/05\/vacaciones-940x674.jpg 940w, https:\/\/www.cuentik.com\/wp-content\/uploads\/2021\/05\/vacaciones.jpg 1200w\" sizes=\"(max-width: 1024px) 100vw, 1024px\" \/><\/figure>\n\n\n\n<p class=\"has-drop-cap\">Lo ve\u00eda todo con ojos lejanos.<\/p>\n\n\n\n<p>Voces y muchos nervios pero de los bonitos, con risas y mucho barullo por la casa\u2026el pasillo muy ajetreado y con mucha luz, porque en verano todo ten\u00eda mucha luz\u2026 y los porticones abiertos de par en par para que todo entrara a borbotones\u2026la alegr\u00eda y los tintineos de las persianas tan subyugantes como hipn\u00f3ticos, mis ojos segu\u00edan contemplando el devenir constante de un sinf\u00edn de tumultos de aqu\u00ed para all\u00e1\u2026absorto ve\u00eda las horas pasar y alguien me daba unas chocolatinas. Era muy divertido, casi tanto como a donde fu\u00e9ramos\u2026era el sue\u00f1o, era la vida pasar, era todo una adivinanza\u2026todos me sonre\u00edan y de vez en cuando me estrechaban los mofletes.<\/p>\n\n\n\n<p>Ah\u00ed estaba yo con mi maletita de se\u00f1or mayor y mis zapatos nuevos, nadie pod\u00eda aproximarse a mi per\u00edmetro encantado, a mi teatrillo particular y a mis dulces pesquisas de a donde part\u00edamos. Todo mi mundo segu\u00eda inerte bajo mis rodillas y de ah\u00ed nada se mov\u00eda hasta que aquel mundo ajetreado partiera hacia alg\u00fan lugar. Las chocolatinas hab\u00edan dejado mis manos manchadas pero ya no hab\u00eda tiempo de encantarse\u2026los murmullos ya cada vez eran m\u00e1s lejanos y las puertas se cerraban\u2026silencio.<\/p>\n\n\n\n<p>-\u00a1Basti\u00e1n Basti\u00e1n\u2026r\u00e1pido que ya no hay tiempo!- gritaba mam\u00e1 con una energ\u00eda desorbitada..<\/p>\n\n\n\n<p>Los kil\u00f3metros se deshac\u00edan entre los caminos y hab\u00eda tiempos de silencios, tiempos de risas y tiempos para so\u00f1ar junto a mis hermanos, hasta que las palmaditas de mam\u00e1 llamaban a un nuevos episodio en el d\u00eda en el que todas las emociones revoloteaban a nuestro alrededor.<\/p>\n\n\n\n<p>No s\u00e9 a donde me dirig\u00eda\u2026era verano y eran vacaciones..qu\u00e9 m\u00e1s daba.<\/p>\n\n\n\n<p>Sentir el viento en el rostro al avanzar a toda velocidad era algo as\u00ed como lo m\u00e1s parecido a la felicidad, y si cerrabas los ojos era como flotar\u2026hasta que de nuevo despertaba para esbozar una sonrisa.<\/p>\n\n\n\n<p>Mi maletita de se\u00f1or mayor era desgarbada y no demasiado bonita, pero era valiosa y me acompa\u00f1aba desde hac\u00eda tiempo. Recuerdo permanecer ensimismado contemplando el horizonte de aquel paraje desconocido, mis zapatos nuevos se hab\u00edan llenado de polvo y hojarasca pero no importaba.<\/p>\n\n\n\n<p>El mar estaba cerca, y las monta\u00f1as, y las noches bajo las estrellas\u2026 todo se divisaba a trav\u00e9s del catalejo que con esmero hab\u00eda guardado en mi maletita de se\u00f1or mayor.<\/p>\n\n\n\n<p>Detr\u00e1s de mi peque\u00f1a figura todo eran maletas y c\u00e1maras fotogr\u00e1ficas\u2026ante m\u00ed el para\u00edso y mis pr\u00f3ximas aventuras.<\/p>\n\n\n\n<p>Mam\u00e1 se acerc\u00f3 acarici\u00e1ndome la espalda y me pregunt\u00f3 con voz susurrante: -\u00bfMe dejas mirar a mi tambi\u00e9n, Basti\u00e1n?-..quiero ver que hay m\u00e1s all\u00e1 de las monta\u00f1as..-<\/p>\n\n\n\n<p>Nuestras miradas se detuvieron y la vida fue hermosa\u2026los gruesos cristales del catalejo volaron por encima de aquellas monta\u00f1as para transformar se en otro mundo secreto e invisible para los dem\u00e1s\u2026de duendes y de princesas\u2026de aldeas medievales o de arqueros y piratas con destellos de luz violetas y anaranjados\u2026pero ante nuestros ojos tan s\u00f3lo monta\u00f1as.<\/p>\n\n\n\n<p>Me apresur\u00e9 a mi balbuceante mam\u00e1 que no daba cr\u00e9dito mientras me pregunt\u00f3..-\u00bfC\u00f3mo es posible Basti\u00e1n\u2026a-acabo de ver\u2026? \u00bfQu\u00e9 llevas ah\u00ed en la maletita? Abrac\u00e9 a mam\u00e1 sin contestar.<\/p>\n\n\n\n<p>En mi maletita de se\u00f1or mayor no hubo nunca nada\u2026s\u00f3lo guardaba mi catalejo raro y pesado. Las vacaciones se prolongaron y fueron felices como de costumbre, las monta\u00f1as albergaban senderos para escaparnos en bicicleta, trepar \u00e1rboles y extenuarnos buceando en la playa\u2026pero hab\u00eda un m\u00e1s all\u00e1 que cada d\u00eda me esperaba tras aquel horizonte..La noche estrellada era majestuosa y di\u00e1fana..era de noche all\u00ed tambi\u00e9n y s\u00f3lo alg\u00fan buho vigilante parec\u00eda descubrirme. Mam\u00e1 se acerc\u00f3 con algo de abrigo y se sent\u00f3 a mi lado.<\/p>\n\n\n\n<p>-\u00bfLes has visto hoy Basti\u00e1n?&#8230;me pregunt\u00f3 en voz muy baja.<\/p>\n\n\n\n<p>-Siempre est\u00e1n mam\u00e1\u2026y adem\u00e1s en todas partes\u2026s\u00f3lo que con el catalejo les veo m\u00e1s cerquita.<\/p>\n\n\n\n<p>Recost\u00e9 mi cabeza en el hombro de mam\u00e1 mientras cubr\u00eda el catalejo con un viejo trapo en mi maletita de se\u00f1or mayor.<\/p>\n\n\n\n<p>-\u00bfEres feliz en estas vacaciones, Basti\u00e1n?-pregunt\u00f3 mam\u00e1 sonri\u00e9ndome.<\/p>\n\n\n\n<p>-Siempre soy feliz mam\u00e1\u2026porque veo el mundo con magia. Y estas, las mejores vacaciones de mi vida- respond\u00ed.<\/p>\n\n\n\n<p>Nuestros ojos curiosos quisieron mirar un poco m\u00e1s tras el cristal.. otras vidas y otros seres cab\u00edan en nuestra imaginaci\u00f3n\u2026s\u00f3lo ten\u00edamos que so\u00f1ar..seres diminutos y movedizos, seres reales e irreales a la vez\u2026extra\u00f1os y risue\u00f1os\u2026tal vez como nosotros.<\/p>\n\n\n\n<p>-Basti\u00e1n\u2026es tarde&#8230;\u00bfy si recogemos la maletita hasta ma\u00f1ana? Las vacaciones no se han acabado a\u00fan\u2026ma\u00f1ana te explicar\u00e9 una historia de hace mucho mucho tiempo\u2026.\u00bfrecuerdas que el abuelo te regal\u00f3 este catalejo hace tiempo\u2026?&#8230;Si te fijas bien..lleva sus iniciales&#8230;pero si cierras los ojos con la mano por encima\u2026\u00bfquiz\u00e1 desaparecen?&#8230;<\/p>\n\n\n\n<p>La medio sonrisa de mam\u00e1 no la olvid\u00e9 nunca\u2026\u00bfenigm\u00e1tica quiz\u00e1s?<\/p>\n\n\n\n<p>Fueron las vacaciones de mi vida.<\/p>\n\n\n\n<div class=\"wp-block-buttons is-layout-flex wp-block-buttons-is-layout-flex\">\n<div class=\"wp-block-button\"><a class=\"wp-block-button__link\" href=\"https:\/\/localhost\/wordpress\/wp-content\/uploads\/2021\/05\/vacaciones.pdf\" target=\"_blank\" rel=\"noreferrer noopener\">DESCARGAR PDF<\/a><\/div>\n<\/div>\n","protected":false},"excerpt":{"rendered":"<p>Lo ve\u00eda todo con ojos lejanos. Voces y muchos nervios pero de los bonitos, con risas y mucho barullo por la casa\u2026el pasillo muy ajetreado y con mucha luz, porque en verano todo ten\u00eda mucha luz\u2026 y los porticones abiertos de par en par para que todo entrara a borbotones\u2026la alegr\u00eda y los tintineos de&#46;&#46;&#46;<\/p>\n","protected":false},"author":1,"featured_media":159,"comment_status":"closed","ping_status":"open","sticky":false,"template":"","format":"standard","meta":{"footnotes":""},"categories":[10],"tags":[35,36,37],"_links":{"self":[{"href":"https:\/\/www.cuentik.com\/index.php?rest_route=\/wp\/v2\/posts\/158"}],"collection":[{"href":"https:\/\/www.cuentik.com\/index.php?rest_route=\/wp\/v2\/posts"}],"about":[{"href":"https:\/\/www.cuentik.com\/index.php?rest_route=\/wp\/v2\/types\/post"}],"author":[{"embeddable":true,"href":"https:\/\/www.cuentik.com\/index.php?rest_route=\/wp\/v2\/users\/1"}],"replies":[{"embeddable":true,"href":"https:\/\/www.cuentik.com\/index.php?rest_route=%2Fwp%2Fv2%2Fcomments&post=158"}],"version-history":[{"count":2,"href":"https:\/\/www.cuentik.com\/index.php?rest_route=\/wp\/v2\/posts\/158\/revisions"}],"predecessor-version":[{"id":161,"href":"https:\/\/www.cuentik.com\/index.php?rest_route=\/wp\/v2\/posts\/158\/revisions\/161"}],"wp:featuredmedia":[{"embeddable":true,"href":"https:\/\/www.cuentik.com\/index.php?rest_route=\/wp\/v2\/media\/159"}],"wp:attachment":[{"href":"https:\/\/www.cuentik.com\/index.php?rest_route=%2Fwp%2Fv2%2Fmedia&parent=158"}],"wp:term":[{"taxonomy":"category","embeddable":true,"href":"https:\/\/www.cuentik.com\/index.php?rest_route=%2Fwp%2Fv2%2Fcategories&post=158"},{"taxonomy":"post_tag","embeddable":true,"href":"https:\/\/www.cuentik.com\/index.php?rest_route=%2Fwp%2Fv2%2Ftags&post=158"}],"curies":[{"name":"wp","href":"https:\/\/api.w.org\/{rel}","templated":true}]}}