{"id":108,"date":"2018-04-24T06:58:00","date_gmt":"2018-04-24T06:58:00","guid":{"rendered":"https:\/\/localhost\/wordpress\/?p=108"},"modified":"2021-05-23T07:20:05","modified_gmt":"2021-05-23T07:20:05","slug":"sant-jordi-y-dia-del-libro","status":"publish","type":"post","link":"https:\/\/www.cuentik.com\/?p=108","title":{"rendered":"Sant Jordi y D\u00eda del Libro"},"content":{"rendered":"\n<div class=\"wp-block-image\"><figure class=\"aligncenter size-large is-resized\"><img loading=\"lazy\" decoding=\"async\" src=\"https:\/\/localhost\/wordpress\/wp-content\/uploads\/2021\/05\/sant_jordi_2018-1.jpg\" alt=\"Sant Jordi y D\u00eda del Libro\" class=\"wp-image-110\" width=\"467\" height=\"615\"\/><\/figure><\/div>\n\n\n\n<div class=\"wp-block-columns is-layout-flex wp-container-core-columns-is-layout-1 wp-block-columns-is-layout-flex\">\n<div class=\"wp-block-column is-layout-flow wp-block-column-is-layout-flow\">\n<p class=\"has-drop-cap\">Se acerca Sant Jordi y Quimet ya siente la primavera.<\/p>\n\n\n\n<p>El sol inunda calles y plazas y todo el mundo parece m\u00e1s alegre y risue\u00f1o.<\/p>\n\n\n\n<p>En d\u00edas todo se llenar\u00e1 de rosas y libros, de enamorados cogidos de la mano y criaturas que trepan por las paradas engalanadas de colores y letras&#8230;<\/p>\n\n\n\n<p>El mes de abril ya no es triste y Quimet quiere gritar a los cuatro vientos que se siente cuando cree que es feliz&#8230;que quiere repartir rosas y besos en lugar de malhumores..y que aunque le llamen ingenuo ocultar\u00e1 rosas rojas en nubes de papel para quien las encuentre crea en los regalos como estrellas.<\/p>\n\n\n\n<p>Quimet no puede ser m\u00e1s feliz&#8230;y para celebrarlo escoger\u00e1 la rosa m\u00e1s escondida de la ciudad para acariciarla al borde de la ventana y que los rayos de sol abran sus p\u00e9talos como bailes de espumas rojas&#8230;<\/p>\n\n\n\n<p>La alegr\u00eda vendr\u00e1 y tambi\u00e9n se desvanecer\u00e1&#8230;como el d\u00eda, como el sol, como la luz y como sonrisas que ya nadie ver\u00e1..<\/p>\n\n\n\n<p>Pero la rosa de primavera es rosa llena de vida, miradas que se encuentran rodeadas de tantos libros&#8230;Quimet espera impaciente el d\u00eda&#8230;Sant Jordi llega a casa y quiere gritar a los cuatro vientos que desde ahora ya no es como cada d\u00eda&#8230;rosas y besos para celebrar solamente la alegr\u00eda.<\/p>\n<\/div>\n\n\n\n<div class=\"wp-block-column is-layout-flow wp-block-column-is-layout-flow\">\n<p class=\"has-drop-cap\">S&#8217; apropa Sant Jordi i en Quimet ja sent la primavera.<\/p>\n\n\n\n<p>El sol inunda carrers i pla\u00e7es&nbsp; i tothom sembla m\u00e9s alegre i rialler.<\/p>\n\n\n\n<p>En dies tot s omplir\u00e0 de roses i llibres, d&#8217;enamorats agafats de la m\u00e0 i criatures que s&#8217;enfilen per les paradetes engalanades de colors i lletres&#8230;<\/p>\n\n\n\n<p>El mes d&#8217;abril ja no \u00e9s trist i en Quimet vol cridar als quatre vents que se sent quan creu que \u00e9s feli\u00e7&#8230;que vol repartir roses i petons en lloc de malhumors&#8230;i que encara que li diguin ximplet, amagar\u00e0 roses vermelles en n\u00favols de paper per qui les trobi cregui en els regals com estels.<\/p>\n\n\n\n<p>En Quimet no pot ser m\u00e9s feli\u00e7&#8230;i per celebrar- ho escollir\u00e0&nbsp; la rosa m\u00e9s amagada de la ciutat per acariciar-la vora la finestra i que els rsigs de sol obrin els seus p\u00e8tals com balls d&#8217;escumes vermelles&#8230;<\/p>\n\n\n\n<p>L&#8217;alegria vindr\u00e0 &#8230;i tamb\u00e9 s&#8217;esvair\u00e0&#8230;com el dia, com el sol, com la llum&#8230;i com ela somriures que ja ning\u00fa veur\u00e0&#8230;.<\/p>\n\n\n\n<p>Per\u00f2 la rosa de primavera \u00e9s rosa plena de vida, mirades que es trobem envoltades de tants llibres&#8230;En Quimet espera impacient el dia&#8230;Sant Jordi arriva a casa i vol cridar als quatre vents que des d&#8217;ara ja no \u00e9s com cada dia&#8230;roses i petons per celebrar solsament l&#8217;alegria.<\/p>\n<\/div>\n<\/div>\n","protected":false},"excerpt":{"rendered":"<p>Celebramos el d\u00eda del Libro y de Sant Jordi<\/p>\n","protected":false},"author":1,"featured_media":109,"comment_status":"closed","ping_status":"open","sticky":false,"template":"","format":"standard","meta":{"footnotes":""},"categories":[10],"tags":[20,21,19],"_links":{"self":[{"href":"https:\/\/www.cuentik.com\/index.php?rest_route=\/wp\/v2\/posts\/108"}],"collection":[{"href":"https:\/\/www.cuentik.com\/index.php?rest_route=\/wp\/v2\/posts"}],"about":[{"href":"https:\/\/www.cuentik.com\/index.php?rest_route=\/wp\/v2\/types\/post"}],"author":[{"embeddable":true,"href":"https:\/\/www.cuentik.com\/index.php?rest_route=\/wp\/v2\/users\/1"}],"replies":[{"embeddable":true,"href":"https:\/\/www.cuentik.com\/index.php?rest_route=%2Fwp%2Fv2%2Fcomments&post=108"}],"version-history":[{"count":2,"href":"https:\/\/www.cuentik.com\/index.php?rest_route=\/wp\/v2\/posts\/108\/revisions"}],"predecessor-version":[{"id":113,"href":"https:\/\/www.cuentik.com\/index.php?rest_route=\/wp\/v2\/posts\/108\/revisions\/113"}],"wp:featuredmedia":[{"embeddable":true,"href":"https:\/\/www.cuentik.com\/index.php?rest_route=\/wp\/v2\/media\/109"}],"wp:attachment":[{"href":"https:\/\/www.cuentik.com\/index.php?rest_route=%2Fwp%2Fv2%2Fmedia&parent=108"}],"wp:term":[{"taxonomy":"category","embeddable":true,"href":"https:\/\/www.cuentik.com\/index.php?rest_route=%2Fwp%2Fv2%2Fcategories&post=108"},{"taxonomy":"post_tag","embeddable":true,"href":"https:\/\/www.cuentik.com\/index.php?rest_route=%2Fwp%2Fv2%2Ftags&post=108"}],"curies":[{"name":"wp","href":"https:\/\/api.w.org\/{rel}","templated":true}]}}